{"id":757,"date":"2013-05-21T16:08:00","date_gmt":"2013-05-21T16:08:00","guid":{"rendered":"https:\/\/sms.sp.bvs.br\/noticias\/?post_type=news&#038;p=757"},"modified":"2022-07-04T18:39:04","modified_gmt":"2022-07-04T18:39:04","slug":"bvs-sms-sao-paulo-recebe-capacitacao-em-lis-e-direve","status":"publish","type":"post","link":"https:\/\/sms.sp.teste.bvs.br\/noticias\/bvs-sms-sao-paulo-recebe-capacitacao-em-lis-e-direve\/","title":{"rendered":"BVS SMS S\u00e3o Paulo recebe capacita\u00e7\u00e3o em LIS e DirEve"},"content":{"rendered":"<p>M\u00e1rcia Rocha estudante de Comunica\u00e7\u00e3o e Estagiaria no N\u00facleo de Documenta\u00e7\u00e3o da Escola Municipal de Sa\u00fade participa do evento.<\/p>\n<p>O Curso de capacita\u00e7\u00e3o sobre as ferramentas LIS (Localizador de Informa\u00e7\u00f5es em Sa\u00fade) e DirEve (Diret\u00f3rio de Eventos), oferecido pela BIREME (Centro Latino Americano e do Caribe de Informa\u00e7\u00f5es em Ci\u00eancias da Sa\u00fade), ocorreu entre os dias 15 a 17 de maio em sua sede oficial em S\u00e3o Paulo.<\/p>\n<p>A capacita\u00e7\u00e3o contou a presen\u00e7a das BVS participantes, de Controle e Preven\u00e7\u00e3o do C\u00e2ncer (Instituto Nacional do C\u00e2ncer- INCA), Odontologia Brasil (Faculdade de Odontologia da Universidade de S\u00e3o Paulo). A BVS RIPSA (Rede Interagencial de Informa\u00e7\u00f5es para a Sa\u00fade\/ DATASUS- Minist\u00e9rio da Sa\u00fade), a Biblioteca Virtual de Educa\u00e7\u00e3o em Ci\u00eancias da Sa\u00fade(Centro Universit\u00e1rio do Esp\u00edrito Santo- UNESC) e a Secret\u00e1ria Municipal de Sa\u00fade de S\u00e3o Paulo que teve como representante a estagiaria de comunica\u00e7\u00e3o e integrante do N\u00facleo de Documenta\u00e7\u00e3o da Escola Municipal de Sa\u00fade M\u00e1rcia Rocha.<\/p>\n<p>O curso foi liderado por Sarah Oliveira bibliotec\u00e1ria e integrante do FIR (Fontes de Informa\u00e7\u00f5es Referenciais) da BIREME<\/p><\/div>\n","protected":false},"excerpt":{"rendered":"<p>M\u00e1rcia Rocha estudante de Comunica\u00e7\u00e3o e Estagiaria no N\u00facleo de Documenta\u00e7\u00e3o da Escola Municipal de Sa\u00fade participa do evento. O Curso de capacita\u00e7\u00e3o sobre as ferramentas LIS (Localizador de Informa\u00e7\u00f5es &#8230;<\/p>\n","protected":false},"author":1,"featured_media":0,"comment_status":"open","ping_status":"closed","sticky":false,"template":"","format":"standard","meta":[],"categories":[4],"tags":[],"_links":{"self":[{"href":"https:\/\/sms.sp.teste.bvs.br\/noticias\/wp-json\/wp\/v2\/posts\/757"}],"collection":[{"href":"https:\/\/sms.sp.teste.bvs.br\/noticias\/wp-json\/wp\/v2\/posts"}],"about":[{"href":"https:\/\/sms.sp.teste.bvs.br\/noticias\/wp-json\/wp\/v2\/types\/post"}],"author":[{"embeddable":true,"href":"https:\/\/sms.sp.teste.bvs.br\/noticias\/wp-json\/wp\/v2\/users\/1"}],"replies":[{"embeddable":true,"href":"https:\/\/sms.sp.teste.bvs.br\/noticias\/wp-json\/wp\/v2\/comments?post=757"}],"version-history":[{"count":1,"href":"https:\/\/sms.sp.teste.bvs.br\/noticias\/wp-json\/wp\/v2\/posts\/757\/revisions"}],"predecessor-version":[{"id":1157,"href":"https:\/\/sms.sp.teste.bvs.br\/noticias\/wp-json\/wp\/v2\/posts\/757\/revisions\/1157"}],"wp:attachment":[{"href":"https:\/\/sms.sp.teste.bvs.br\/noticias\/wp-json\/wp\/v2\/media?parent=757"}],"wp:term":[{"taxonomy":"category","embeddable":true,"href":"https:\/\/sms.sp.teste.bvs.br\/noticias\/wp-json\/wp\/v2\/categories?post=757"},{"taxonomy":"post_tag","embeddable":true,"href":"https:\/\/sms.sp.teste.bvs.br\/noticias\/wp-json\/wp\/v2\/tags?post=757"}],"curies":[{"name":"wp","href":"https:\/\/api.w.org\/{rel}","templated":true}]}}