{"id":714,"date":"2013-03-14T18:49:56","date_gmt":"2013-03-14T18:49:56","guid":{"rendered":"https:\/\/sms.sp.bvs.br\/noticias\/?post_type=news&#038;p=714"},"modified":"2022-07-04T18:39:05","modified_gmt":"2022-07-04T18:39:05","slug":"a-base-colecionasus-passa-a-integrar-a-interface-de-busca-da-bvs-sms-sao-paulo","status":"publish","type":"post","link":"https:\/\/sms.sp.teste.bvs.br\/noticias\/a-base-colecionasus-passa-a-integrar-a-interface-de-busca-da-bvs-sms-sao-paulo\/","title":{"rendered":"A base COLECIONASUS passa a integrar a interface de busca da BVS SMS S\u00e3o Paulo"},"content":{"rendered":"<p><img loading=\"lazy\" class=\"alignnone size-full wp-image-715\" src=\"https:\/\/sms.sp.bvs.br\/noticias\/wp-content\/uploads\/sites\/4\/2017\/09\/19.jpg\" alt=\"19\" width=\"243\" height=\"97\" srcset=\"https:\/\/sms.sp.teste.bvs.br\/noticias\/wp-content\/uploads\/sites\/4\/2017\/09\/19.jpg 243w, https:\/\/sms.sp.teste.bvs.br\/noticias\/wp-content\/uploads\/sites\/4\/2017\/09\/19-120x48.jpg 120w\" sizes=\"(max-width: 243px) 100vw, 243px\" \/>ColecionaSUS em rede com a BVS SMS S\u00e3o Paulo<\/p>\n<p>A partir de mar\u00e7o de 2013 a base ColecionaSUS faz parte da estrat\u00e9gia de recupera\u00e7\u00e3o da BVS SMS S\u00e3o Paulo. Isto quer dizer que no momento de uma pesquisa ser\u00e3o recuperados tamb\u00e9m os documentos que estiverem nesta base.<\/p>\n<p>Desde julho de 2012 a BVS SMS S\u00e3o Paulo integra a Rede de Bibliotecas e Unidades de Informa\u00e7\u00e3o Cooperantes da Sa\u00fade \u2013 Brasil (Rede BiblioSUS) promovida pelo Minist\u00e9rio da Sa\u00fade que tem como objetivo ampliar e democratizar o acesso \u00e0s informa\u00e7\u00f5es em sa\u00fade p\u00fablica atrav\u00e9s da base de dados ColecionaSUS (Cole\u00e7\u00e3o Nacional das Fontes de Informa\u00e7\u00e3o do SUS).<\/p>\n<p>Contribuem com o ColecionaSUS as tr\u00eas esferas governamentais: Municipal, Estadual e Federal.<\/p>\n<p>Para maiores informa\u00e7\u00f5es acesse:<br \/>\nRede BIBLIOSUS<br \/>\n<a class=\"wiki external\" href=\"http:\/\/bibliosus.saude.gov.br\/\" target=\"_blank\" rel=\"noopener noreferrer\">http:\/\/bibliosus.saude.gov.br\/<img class=\"externallink\" src=\"http:\/\/ecos-sms.sp.bvs.br\/img\/icons\/external_link.gif\" alt=\" (external link)\" border=\"0\" \/><\/a><\/p>\n<p>Biblioteca Virtual em Sa\u00fade da Secretaria Municipal da Sa\u00fade de S\u00e3o Paulo \u2013 BVS SMS S\u00e3o Paulo\u00a0<a class=\"wiki external\" href=\"https:\/\/sms.sp.bvs.br\/\" target=\"_blank\" rel=\"noopener noreferrer\">https:\/\/sms.sp.bvs.br\/<img class=\"externallink\" src=\"http:\/\/ecos-sms.sp.bvs.br\/img\/icons\/external_link.gif\" alt=\" (external link)\" border=\"0\" \/><\/a><\/p>\n<p>Secretaria Municipal da Sa\u00fade<br \/>\n<a class=\"wiki external\" href=\"http:\/\/www.prefeitura.sp.gov.br\/cidade\/secretarias\/saude\/\" target=\"_blank\" rel=\"noopener noreferrer\">http:\/\/www.prefeitura.sp.gov.br\/cidade\/secretarias\/saude\/<img class=\"externallink\" src=\"http:\/\/ecos-sms.sp.bvs.br\/img\/icons\/external_link.gif\" alt=\" (external link)\" border=\"0\" \/><\/a><\/p>\n","protected":false},"excerpt":{"rendered":"<p>ColecionaSUS em rede com a BVS SMS S\u00e3o Paulo A partir de mar\u00e7o de 2013 a base ColecionaSUS faz parte da estrat\u00e9gia de recupera\u00e7\u00e3o da BVS SMS S\u00e3o Paulo. Isto &#8230;<\/p>\n","protected":false},"author":1,"featured_media":0,"comment_status":"open","ping_status":"closed","sticky":false,"template":"","format":"standard","meta":[],"categories":[7],"tags":[],"_links":{"self":[{"href":"https:\/\/sms.sp.teste.bvs.br\/noticias\/wp-json\/wp\/v2\/posts\/714"}],"collection":[{"href":"https:\/\/sms.sp.teste.bvs.br\/noticias\/wp-json\/wp\/v2\/posts"}],"about":[{"href":"https:\/\/sms.sp.teste.bvs.br\/noticias\/wp-json\/wp\/v2\/types\/post"}],"author":[{"embeddable":true,"href":"https:\/\/sms.sp.teste.bvs.br\/noticias\/wp-json\/wp\/v2\/users\/1"}],"replies":[{"embeddable":true,"href":"https:\/\/sms.sp.teste.bvs.br\/noticias\/wp-json\/wp\/v2\/comments?post=714"}],"version-history":[{"count":1,"href":"https:\/\/sms.sp.teste.bvs.br\/noticias\/wp-json\/wp\/v2\/posts\/714\/revisions"}],"predecessor-version":[{"id":1171,"href":"https:\/\/sms.sp.teste.bvs.br\/noticias\/wp-json\/wp\/v2\/posts\/714\/revisions\/1171"}],"wp:attachment":[{"href":"https:\/\/sms.sp.teste.bvs.br\/noticias\/wp-json\/wp\/v2\/media?parent=714"}],"wp:term":[{"taxonomy":"category","embeddable":true,"href":"https:\/\/sms.sp.teste.bvs.br\/noticias\/wp-json\/wp\/v2\/categories?post=714"},{"taxonomy":"post_tag","embeddable":true,"href":"https:\/\/sms.sp.teste.bvs.br\/noticias\/wp-json\/wp\/v2\/tags?post=714"}],"curies":[{"name":"wp","href":"https:\/\/api.w.org\/{rel}","templated":true}]}}