{"id":689,"date":"2012-12-28T18:35:45","date_gmt":"2012-12-28T18:35:45","guid":{"rendered":"https:\/\/sms.sp.bvs.br\/noticias\/?post_type=news&#038;p=689"},"modified":"2022-07-04T18:39:34","modified_gmt":"2022-07-04T18:39:34","slug":"nucleo-de-documentacao-ems-promoveu-capacitacao-para-funcionarios-da-autarquia-hospitalar-municipalahm","status":"publish","type":"post","link":"https:\/\/sms.sp.teste.bvs.br\/noticias\/nucleo-de-documentacao-ems-promoveu-capacitacao-para-funcionarios-da-autarquia-hospitalar-municipalahm\/","title":{"rendered":"N\u00facleo de Documenta\u00e7\u00e3o \/EMS promoveu capacita\u00e7\u00e3o para funcion\u00e1rios da Autarquia Hospitalar Municipal(AHM)"},"content":{"rendered":"<p><img loading=\"lazy\" src=\"https:\/\/sms.sp.bvs.br\/noticias\/wp-content\/uploads\/sites\/4\/2017\/09\/13.jpg\" alt=\"13\" width=\"185\" height=\"138\" class=\"alignnone size-full wp-image-690\" srcset=\"https:\/\/sms.sp.teste.bvs.br\/noticias\/wp-content\/uploads\/sites\/4\/2017\/09\/13.jpg 185w, https:\/\/sms.sp.teste.bvs.br\/noticias\/wp-content\/uploads\/sites\/4\/2017\/09\/13-120x90.jpg 120w\" sizes=\"(max-width: 185px) 100vw, 185px\" \/>A Bibliotec\u00e1ria M\u00f4nica da Silva Peres coordenou o treinamento que aconteceu no dia 05 de dezembro\/2012.<br \/>\nBibliotec\u00e1rios da Autarquia Hospitalar Municipal(AHM) estiveram presentes na Escola Municipal de Sa\u00fade(SMS) para capacita\u00e7\u00e3o na ferramenta Diret\u00f3rio de Eventos &#8211; DirEve.<\/p>\n<p>O treinamento possibilita aos profissionais estarem aptos ao uso da ferramenta possibilitando a indica\u00e7\u00e3o\/divulga\u00e7\u00e3o dos eventos de seus hospitais, bem como de eventos externos.<\/p>\n<p>Dessa forma podem contribuir como \u00e1reas cooperantes para a manuten\u00e7\u00e3o, atualiza\u00e7\u00e3o e fortalecimento da BVS SMS\/SP.<\/p>\n<p>Participaram da capacita\u00e7\u00e3o:<\/p>\n<p>Maria Aparecida Mendez &#8211; Hospital Municipal Dr. C\u00e1rmino Caricchio &#8211; Tatuap\u00e9<br \/>\nLuiz Dias &#8211; Hospital Municipal Dr. Fernando Mauro Pires da Rocha &#8211; Campo Limpo<\/p>\n<p>M\u00f4nica da Silva Peres &#8211; N\u00facleo de Documenta\u00e7\u00e3o\/EMS<\/p>\n","protected":false},"excerpt":{"rendered":"<p>A Bibliotec\u00e1ria M\u00f4nica da Silva Peres coordenou o treinamento que aconteceu no dia 05 de dezembro\/2012. Bibliotec\u00e1rios da Autarquia Hospitalar Municipal(AHM) estiveram presentes na Escola Municipal de Sa\u00fade(SMS) para capacita\u00e7\u00e3o &#8230;<\/p>\n","protected":false},"author":1,"featured_media":0,"comment_status":"open","ping_status":"closed","sticky":false,"template":"","format":"standard","meta":[],"categories":[4],"tags":[],"_links":{"self":[{"href":"https:\/\/sms.sp.teste.bvs.br\/noticias\/wp-json\/wp\/v2\/posts\/689"}],"collection":[{"href":"https:\/\/sms.sp.teste.bvs.br\/noticias\/wp-json\/wp\/v2\/posts"}],"about":[{"href":"https:\/\/sms.sp.teste.bvs.br\/noticias\/wp-json\/wp\/v2\/types\/post"}],"author":[{"embeddable":true,"href":"https:\/\/sms.sp.teste.bvs.br\/noticias\/wp-json\/wp\/v2\/users\/1"}],"replies":[{"embeddable":true,"href":"https:\/\/sms.sp.teste.bvs.br\/noticias\/wp-json\/wp\/v2\/comments?post=689"}],"version-history":[{"count":1,"href":"https:\/\/sms.sp.teste.bvs.br\/noticias\/wp-json\/wp\/v2\/posts\/689\/revisions"}],"predecessor-version":[{"id":1181,"href":"https:\/\/sms.sp.teste.bvs.br\/noticias\/wp-json\/wp\/v2\/posts\/689\/revisions\/1181"}],"wp:attachment":[{"href":"https:\/\/sms.sp.teste.bvs.br\/noticias\/wp-json\/wp\/v2\/media?parent=689"}],"wp:term":[{"taxonomy":"category","embeddable":true,"href":"https:\/\/sms.sp.teste.bvs.br\/noticias\/wp-json\/wp\/v2\/categories?post=689"},{"taxonomy":"post_tag","embeddable":true,"href":"https:\/\/sms.sp.teste.bvs.br\/noticias\/wp-json\/wp\/v2\/tags?post=689"}],"curies":[{"name":"wp","href":"https:\/\/api.w.org\/{rel}","templated":true}]}}