{"id":603,"date":"2012-04-23T17:25:02","date_gmt":"2012-04-23T17:25:02","guid":{"rendered":"https:\/\/sms.sp.bvs.br\/noticias\/?post_type=news&#038;p=603"},"modified":"2022-07-04T18:39:35","modified_gmt":"2022-07-04T18:39:35","slug":"iv-reuniao-do-comite-consultivo-da-biblioteca-virtual-em-saude-da-smssp","status":"publish","type":"post","link":"https:\/\/sms.sp.teste.bvs.br\/noticias\/iv-reuniao-do-comite-consultivo-da-biblioteca-virtual-em-saude-da-smssp\/","title":{"rendered":"IV Reuni\u00e3o do Comit\u00ea Consultivo da Biblioteca Virtual em Sa\u00fade da SMS\/SP"},"content":{"rendered":"<p><img loading=\"lazy\" class=\"alignnone size-full wp-image-604\" src=\"https:\/\/sms.sp.bvs.br\/noticias\/wp-content\/uploads\/sites\/4\/2017\/09\/63325.jpg\" alt=\"63325\" width=\"170\" height=\"127\" srcset=\"https:\/\/sms.sp.teste.bvs.br\/noticias\/wp-content\/uploads\/sites\/4\/2017\/09\/63325.jpg 170w, https:\/\/sms.sp.teste.bvs.br\/noticias\/wp-content\/uploads\/sites\/4\/2017\/09\/63325-120x90.jpg 120w\" sizes=\"(max-width: 170px) 100vw, 170px\" \/>A Reuni\u00e3o aconteceu em 23 de abril de 2012 no Gabinete da Secretaria da Sa\u00fade, com o objetivo de apresentar o panorama da BVS SMS\/SP (da implanta\u00e7\u00e3o at\u00e9 abril\/2012) e a import\u00e2ncia das \u00e1reas cooperantes.<\/p>\n<p>A Reuni\u00e3o do Comit\u00ea Consultivo, teve in\u00edcio as 15hs com a presen\u00e7a do Sr. Secret\u00e1rio Adjunto, Dr. Jos\u00e9 Maria da Costa Orlando que fez a abertura enfatizando a import\u00e2ncia da BVS SMS\/SP no cen\u00e1rio da Secretaria como ferramenta de gest\u00e3o compartilhada da informa\u00e7\u00e3o e do conhecimento entre as diversas \u00e1reas da SMS e informou a todos que a reuni\u00e3o tem por objetivo a repactua\u00e7\u00e3o do compromisso para a consolida\u00e7\u00e3o da BVS SMS\/SP.<\/p>\n<p>Em seguida, a Coordenadora da Coordena\u00e7\u00e3o de Gest\u00e3o de Pessoas, Jane Abrah\u00e3o Marinho, refor\u00e7ou a import\u00e2ncia dos trabalhos desenvolvidos nas BVS SMS\/SP e destacou a necessidade de apresentar este modelo de gest\u00e3o do conhecimento para os parceiros.<\/p>\n<p>A Diretora da Escola Municipal de Sa\u00fade, Laura Christiano Santucci deu prosseguimento apresentando o panorama da BVS SMS\/SP, destacando a responsabilidade das \u00e1reas cooperantes e mostrou os documentos norteadores que foram revisados e atualizados: Guia de Sele\u00e7\u00e3o, DirEve e LIS, Plano de Trabalho e a Matriz de Responsabilidade para conhecimento e avalia\u00e7\u00e3o de todos.<\/p>\n<p>A BIREME\/OPAS\/OMS, foi representada por Claudia Guzzo e Juliana Sousa.<\/p>\n<p>Participaram do evento os integrantes do Comit\u00ea Consultivo:<\/p>\n<p>Jos\u00e9 Maria da Costa Orlando \u2013 Gabinete do Secret\u00e1rio<br \/>\nJane Abrah\u00e3o Marinho \u2013 Coordena\u00e7\u00e3o de Gest\u00e3o de Pessoas<br \/>\nLaura Aparecida Christiano Santucci \u2013 Escola Municipal de Sa\u00fade<br \/>\nMarine Arakaki \u2013 Escola Municipal de Sa\u00fade<br \/>\nM\u00f4nica Peres \u2013 Escola Municipal de Sa\u00fade<br \/>\nHelo\u00edsa Helena Andreetta Corral \u2013 Assessoria T\u00e9cnica de Tecnologia da Informa\u00e7\u00e3o<br \/>\nCelso de Morais Terra \u2013 Rede de Prote\u00e7\u00e3o \u00e0 M\u00e3e Paulistana<br \/>\nPaulo Kron Psanquevich \u2013 Coordena\u00e7\u00e3o de Apoio ao Desenvolvimento da Ger\u00eancia Hospitalar<br \/>\nRoseli Guidici \u2013 Coordena\u00e7\u00e3o de Apoio ao Desenvolvimento da Ger\u00eancia Hospitalar<br \/>\nMargarida Maria T. de Azevedo Lira \u2013 Coordena\u00e7\u00e3o de Epidemiologia e Informa\u00e7\u00e3o<br \/>\nIn\u00eas Suarez Romano \u2013 Coordena\u00e7\u00e3o de Vigil\u00e2ncia em Sa\u00fade<br \/>\nIsabel Cristina Nomiyama \u2013 Coordena\u00e7\u00e3o do Sistema Municipal de Regula\u00e7\u00e3o, Controle, Avalia\u00e7\u00e3o e Auditoria<br \/>\nMirna Remi Marchiori Tedesco &#8211; N\u00facleo de Programas Estrat\u00e9gicos<br \/>\nAna Cristina Ribeiro Zollner \u2013 Autarquia Hospitalar Municipal<br \/>\nCl\u00e1udia Maria de Barros Helou \u2013 Hospital do Servidor P\u00fablico Municipal<\/p>\n","protected":false},"excerpt":{"rendered":"<p>A Reuni\u00e3o aconteceu em 23 de abril de 2012 no Gabinete da Secretaria da Sa\u00fade, com o objetivo de apresentar o panorama da BVS SMS\/SP (da implanta\u00e7\u00e3o at\u00e9 abril\/2012) e &#8230;<\/p>\n","protected":false},"author":1,"featured_media":0,"comment_status":"open","ping_status":"closed","sticky":false,"template":"","format":"standard","meta":[],"categories":[6],"tags":[],"_links":{"self":[{"href":"https:\/\/sms.sp.teste.bvs.br\/noticias\/wp-json\/wp\/v2\/posts\/603"}],"collection":[{"href":"https:\/\/sms.sp.teste.bvs.br\/noticias\/wp-json\/wp\/v2\/posts"}],"about":[{"href":"https:\/\/sms.sp.teste.bvs.br\/noticias\/wp-json\/wp\/v2\/types\/post"}],"author":[{"embeddable":true,"href":"https:\/\/sms.sp.teste.bvs.br\/noticias\/wp-json\/wp\/v2\/users\/1"}],"replies":[{"embeddable":true,"href":"https:\/\/sms.sp.teste.bvs.br\/noticias\/wp-json\/wp\/v2\/comments?post=603"}],"version-history":[{"count":1,"href":"https:\/\/sms.sp.teste.bvs.br\/noticias\/wp-json\/wp\/v2\/posts\/603\/revisions"}],"predecessor-version":[{"id":1211,"href":"https:\/\/sms.sp.teste.bvs.br\/noticias\/wp-json\/wp\/v2\/posts\/603\/revisions\/1211"}],"wp:attachment":[{"href":"https:\/\/sms.sp.teste.bvs.br\/noticias\/wp-json\/wp\/v2\/media?parent=603"}],"wp:term":[{"taxonomy":"category","embeddable":true,"href":"https:\/\/sms.sp.teste.bvs.br\/noticias\/wp-json\/wp\/v2\/categories?post=603"},{"taxonomy":"post_tag","embeddable":true,"href":"https:\/\/sms.sp.teste.bvs.br\/noticias\/wp-json\/wp\/v2\/tags?post=603"}],"curies":[{"name":"wp","href":"https:\/\/api.w.org\/{rel}","templated":true}]}}