{"id":509,"date":"2011-05-05T19:00:41","date_gmt":"2011-05-05T19:00:41","guid":{"rendered":"https:\/\/sms.sp.bvs.br\/noticias\/?post_type=news&#038;p=509"},"modified":"2022-07-04T18:39:36","modified_gmt":"2022-07-04T18:39:36","slug":"seminario-de-lancamento-da-serie-lancet-brasil-a-saude-dos-brasileiros","status":"publish","type":"post","link":"https:\/\/sms.sp.teste.bvs.br\/noticias\/seminario-de-lancamento-da-serie-lancet-brasil-a-saude-dos-brasileiros\/","title":{"rendered":"Semin\u00e1rio de lan\u00e7amento da s\u00e9rie LANCET Brasil: a Sa\u00fade dos Brasileiros"},"content":{"rendered":"<p><img loading=\"lazy\" class=\"alignnone size-full wp-image-510\" src=\"https:\/\/sms.sp.bvs.br\/noticias\/wp-content\/uploads\/sites\/4\/2017\/09\/article_image.png\" alt=\"article_image\" width=\"200\" height=\"131\" srcset=\"https:\/\/sms.sp.teste.bvs.br\/noticias\/wp-content\/uploads\/sites\/4\/2017\/09\/article_image.png 200w, https:\/\/sms.sp.teste.bvs.br\/noticias\/wp-content\/uploads\/sites\/4\/2017\/09\/article_image-120x79.png 120w\" sizes=\"(max-width: 200px) 100vw, 200px\" \/>Semin\u00e1rio de lan\u00e7amento da s\u00e9rie LANCET Brasil: a Sa\u00fade dos Brasileiros promovido pela Representa\u00e7\u00e3o OPAS-OMS no Brasil acontece nos dias 09\/05\/2011 e 10\/05\/2011.<\/p>\n<p>Um pa\u00eds de dimens\u00f5es continentais, cronicamente afligido por desigualdades sociais, vem alcan\u00e7ando importantes progressos na expans\u00e3o da assist\u00eancia m\u00e9dica para toda a sua popula\u00e7\u00e3o e no controle de doen\u00e7as e agravos \u00e0 sa\u00fade, mas ao mesmo tempo novos desafios surgem, e alguns dos velhos males teimam em persistir.<\/p>\n<p>A revista inglesa The Lancet, publica\u00e7\u00e3o m\u00e9dica mais influente do mundo, lan\u00e7ar\u00e1 em maio de 2011 uma s\u00e9rie de seis artigos intitulada \u201cA sa\u00fade dos brasileiros\u201d, uma ampla revis\u00e3o sobre a sa\u00fade e assist\u00eancia m\u00e9dica de nossa popula\u00e7\u00e3o.<\/p>\n<p>Baseados em uma extensa revis\u00e3o de documentos existentes e em an\u00e1lises originais de dados epidemiol\u00f3gicos, uma equipe de 29 especialistas em sa\u00fade p\u00fablica preparou seis artigos cient\u00edficos que descrevem a hist\u00f3ria da assist\u00eancia m\u00e9dica no Brasil, com \u00eanfase na implanta\u00e7\u00e3o do Sistema \u00danico de Sa\u00fade, assim como a evolu\u00e7\u00e3o recente das principais doen\u00e7as e fatores de risco que afligem nossa popula\u00e7\u00e3o.<\/p>\n<p>Artigos espec\u00edficos descrevem a sa\u00fade m\u00e3es e crian\u00e7as, as doen\u00e7as infecciosas, as doen\u00e7as cr\u00f4nicas n\u00e3o transmiss\u00edveis e as les\u00f5es f\u00edsicas e viol\u00eancias. Embora importantes problemas de sa\u00fade estejam sendo reduzidos, muito ainda precisa ser feito para que todos os brasileiros atinjam n\u00edveis de sa\u00fade compat\u00edveis com aqueles observados em pa\u00edses desenvolvidos.<\/p>\n<p>A s\u00e9rie de artigos culmina com v\u00e1rios desafios para o governo, trabalhadores de sa\u00fade, setor privado, universidades e institui\u00e7\u00f5es de ensino e, tamb\u00e9m, para a sociedade.<\/p>\n<p>Local:<\/p>\n<p>OPAS-OMS no Brasil.<br \/>\nSetor de Embaixadas Norte, Lote 19, 70800-400 &#8211; Bras\u00edlia, DF, Brasil<br \/>\nCaixa Postal 08-729, 70312-970 &#8211; Brasilia, DF, Brasil<br \/>\nTel: 55 61 3251-9595.<\/p>\n<p>Acesse o Portal do Evento:\u00a0<a class=\"wiki external\" href=\"http:\/\/eventos.opasbrasil.org\/presentation.php?tema=lancet&amp;lang=pt\" target=\"_blank\" rel=\"noopener noreferrer\">http:\/\/eventos.opasbrasil.org\/presentation.php?tema=lancet&amp;lang=pt<img class=\"externallink\" src=\"http:\/\/ecos-sms.sp.bvs.br\/img\/icons\/external_link.gif\" alt=\" (external link)\" border=\"0\" \/><\/a><\/p>\n","protected":false},"excerpt":{"rendered":"<p>Semin\u00e1rio de lan\u00e7amento da s\u00e9rie LANCET Brasil: a Sa\u00fade dos Brasileiros promovido pela Representa\u00e7\u00e3o OPAS-OMS no Brasil acontece nos dias 09\/05\/2011 e 10\/05\/2011. Um pa\u00eds de dimens\u00f5es continentais, cronicamente afligido &#8230;<\/p>\n","protected":false},"author":1,"featured_media":0,"comment_status":"open","ping_status":"closed","sticky":false,"template":"","format":"standard","meta":[],"categories":[7],"tags":[],"_links":{"self":[{"href":"https:\/\/sms.sp.teste.bvs.br\/noticias\/wp-json\/wp\/v2\/posts\/509"}],"collection":[{"href":"https:\/\/sms.sp.teste.bvs.br\/noticias\/wp-json\/wp\/v2\/posts"}],"about":[{"href":"https:\/\/sms.sp.teste.bvs.br\/noticias\/wp-json\/wp\/v2\/types\/post"}],"author":[{"embeddable":true,"href":"https:\/\/sms.sp.teste.bvs.br\/noticias\/wp-json\/wp\/v2\/users\/1"}],"replies":[{"embeddable":true,"href":"https:\/\/sms.sp.teste.bvs.br\/noticias\/wp-json\/wp\/v2\/comments?post=509"}],"version-history":[{"count":1,"href":"https:\/\/sms.sp.teste.bvs.br\/noticias\/wp-json\/wp\/v2\/posts\/509\/revisions"}],"predecessor-version":[{"id":1241,"href":"https:\/\/sms.sp.teste.bvs.br\/noticias\/wp-json\/wp\/v2\/posts\/509\/revisions\/1241"}],"wp:attachment":[{"href":"https:\/\/sms.sp.teste.bvs.br\/noticias\/wp-json\/wp\/v2\/media?parent=509"}],"wp:term":[{"taxonomy":"category","embeddable":true,"href":"https:\/\/sms.sp.teste.bvs.br\/noticias\/wp-json\/wp\/v2\/categories?post=509"},{"taxonomy":"post_tag","embeddable":true,"href":"https:\/\/sms.sp.teste.bvs.br\/noticias\/wp-json\/wp\/v2\/tags?post=509"}],"curies":[{"name":"wp","href":"https:\/\/api.w.org\/{rel}","templated":true}]}}